{"id":1913,"date":"2025-01-05T16:02:57","date_gmt":"2025-01-05T15:02:57","guid":{"rendered":"https:\/\/fasenickl.de\/?p=1913"},"modified":"2025-01-13T16:20:29","modified_gmt":"2025-01-13T15:20:29","slug":"auftritte-in-dietfurt-und-koesching","status":"publish","type":"post","link":"https:\/\/fasenickl.de\/?p=1913","title":{"rendered":"Auftritte in Dietfurt und K\u00f6sching"},"content":{"rendered":"\n<p>Im neuen Jahr startete man am Freitag den 03. Januar in Dietfurt in die Faschingssaison 2025 und legte eine souver\u00e4ne Show hin. Am Sonntag den 05. Januar folgte dann das Gardetreffen in K\u00f6sching und unsere Garde pr\u00e4sentierte heuer das erste Mal ihren diesj\u00e4hrigen Marsch mit Bravour. Das Prinzenpaar mit Lea I. und Raphael II. durfte noch nicht ran und muss sich noch bis zum Er\u00f6ffungsball am 11. Januar gedulden.<\/p>\n\n\n\n<p><\/p>\n","protected":false},"excerpt":{"rendered":"<p>Im neuen Jahr startete man am Freitag den 03. Januar in Dietfurt in die Faschingssaison 2025 und legte eine souver\u00e4ne Show hin. Am Sonntag den 05. Januar folgte dann das Gardetreffen in K\u00f6sching und unsere Garde pr\u00e4sentierte heuer das erste <span class=\"readmore\"><a href=\"https:\/\/fasenickl.de\/?p=1913\">Weiterlesen &#8230;<\/a><\/span><\/p>\n","protected":false},"author":1,"featured_media":1917,"comment_status":"closed","ping_status":"closed","sticky":false,"template":"","format":"standard","meta":{"ngg_post_thumbnail":0,"footnotes":"","_links_to":"","_links_to_target":""},"categories":[1],"tags":[],"class_list":["post-1913","post","type-post","status-publish","format-standard","has-post-thumbnail","hentry","category-allgemein"],"_links":{"self":[{"href":"https:\/\/fasenickl.de\/index.php?rest_route=\/wp\/v2\/posts\/1913","targetHints":{"allow":["GET"]}}],"collection":[{"href":"https:\/\/fasenickl.de\/index.php?rest_route=\/wp\/v2\/posts"}],"about":[{"href":"https:\/\/fasenickl.de\/index.php?rest_route=\/wp\/v2\/types\/post"}],"author":[{"embeddable":true,"href":"https:\/\/fasenickl.de\/index.php?rest_route=\/wp\/v2\/users\/1"}],"replies":[{"embeddable":true,"href":"https:\/\/fasenickl.de\/index.php?rest_route=%2Fwp%2Fv2%2Fcomments&post=1913"}],"version-history":[{"count":4,"href":"https:\/\/fasenickl.de\/index.php?rest_route=\/wp\/v2\/posts\/1913\/revisions"}],"predecessor-version":[{"id":1919,"href":"https:\/\/fasenickl.de\/index.php?rest_route=\/wp\/v2\/posts\/1913\/revisions\/1919"}],"wp:featuredmedia":[{"embeddable":true,"href":"https:\/\/fasenickl.de\/index.php?rest_route=\/wp\/v2\/media\/1917"}],"wp:attachment":[{"href":"https:\/\/fasenickl.de\/index.php?rest_route=%2Fwp%2Fv2%2Fmedia&parent=1913"}],"wp:term":[{"taxonomy":"category","embeddable":true,"href":"https:\/\/fasenickl.de\/index.php?rest_route=%2Fwp%2Fv2%2Fcategories&post=1913"},{"taxonomy":"post_tag","embeddable":true,"href":"https:\/\/fasenickl.de\/index.php?rest_route=%2Fwp%2Fv2%2Ftags&post=1913"}],"curies":[{"name":"wp","href":"https:\/\/api.w.org\/{rel}","templated":true}]}}