{"id":2035,"date":"2025-12-13T16:08:35","date_gmt":"2025-12-13T15:08:35","guid":{"rendered":"https:\/\/fasenickl.de\/?p=2035"},"modified":"2026-01-12T20:37:52","modified_gmt":"2026-01-12T19:37:52","slug":"narrentreffen-2026-am-31-januar-und-1-februar-2026-in-kipfenberg","status":"publish","type":"post","link":"https:\/\/fasenickl.de\/?p=2035","title":{"rendered":"Gro\u00dfes Narrentreffen: Am 31. Januar und 1. Februar 2026 in Kipfenberg"},"content":{"rendered":"\n<p>Nach 8 Jahren ist es wieder soweit: Am Samstag, den 31. Januar, und am Sonntag, den 1. Februar 2026, findet erneut unser <a href=\"https:\/\/fasenickl.de\/?page_id=1753\" data-type=\"page\" data-id=\"1753\">gro\u00dfes Narrentreffen<\/a> statt. Bereits zum 5. Mal richtet der Kulturverein e. V. \u201eDie Fasenickl\u201c ein Narrentreffen in Kipfenberg aus. Unter dem Motto \u201eVon Narren f\u00fcr Narren\u201c m\u00f6chten wir Euch recht herzlich zum geografischen Mittelpunkt Bayerns ins Altm\u00fchltal einladen. Mit einer Mischung aus Tradition und Moderne ist bei uns sowohl f\u00fcr Jung als auch Alt viel geboten. Wir m\u00f6chten den vielen Narren und Besuchern zwei unvergessliche Tage in Kipfenberg bieten.<br>Wir freuen uns wieder darauf, viele Narren und Z\u00fcnfte aus Nah und Fern bei uns in Kipfenberg begr\u00fc\u00dfen zu d\u00fcrfen. Gro\u00dfen Wert legen wir, neben dem gro\u00dfen Narrensprung am Sonntag, auch auf den Kinderumzug am Samstagnachmittag. F\u00fcr richtige Partystimmung ist mit einem Highlight, unserer Erdinger-Holzh\u00fctte am Marktplatz, gesorgt.<\/p>\n\n\n\n<figure class=\"wp-block-image size-large\"><img loading=\"lazy\" decoding=\"async\" width=\"1024\" height=\"576\" src=\"https:\/\/fasenickl.de\/wp-content\/uploads\/2025\/10\/5.Narrentreffen-2-1024x576.png\" alt=\"\" class=\"wp-image-2088\" srcset=\"https:\/\/fasenickl.de\/wp-content\/uploads\/2025\/10\/5.Narrentreffen-2-1024x576.png 1024w, https:\/\/fasenickl.de\/wp-content\/uploads\/2025\/10\/5.Narrentreffen-2-300x169.png 300w, https:\/\/fasenickl.de\/wp-content\/uploads\/2025\/10\/5.Narrentreffen-2-768x432.png 768w, https:\/\/fasenickl.de\/wp-content\/uploads\/2025\/10\/5.Narrentreffen-2.png 1280w\" sizes=\"auto, (max-width: 1024px) 100vw, 1024px\" \/><\/figure>\n\n\n\n<figure class=\"wp-block-gallery has-nested-images columns-default is-cropped wp-block-gallery-1 is-layout-flex wp-block-gallery-is-layout-flex\">\n<figure class=\"wp-block-image size-large\"><img decoding=\"async\" data-id=\"2084\" src=\"https:\/\/fasenickl.de\/wp-content\/uploads\/2025\/10\/Programm_Narren.jpg\" alt=\"\" class=\"wp-image-2084\"\/><\/figure>\n\n\n\n<figure class=\"wp-block-image size-large\"><img loading=\"lazy\" decoding=\"async\" width=\"708\" height=\"696\" data-id=\"2085\" src=\"https:\/\/fasenickl.de\/wp-content\/uploads\/2025\/10\/Umzugsaufstellung_Samstag-2.jpg\" alt=\"\" class=\"wp-image-2085\" srcset=\"https:\/\/fasenickl.de\/wp-content\/uploads\/2025\/10\/Umzugsaufstellung_Samstag-2.jpg 708w, https:\/\/fasenickl.de\/wp-content\/uploads\/2025\/10\/Umzugsaufstellung_Samstag-2-300x295.jpg 300w, https:\/\/fasenickl.de\/wp-content\/uploads\/2025\/10\/Umzugsaufstellung_Samstag-2-67x67.jpg 67w\" sizes=\"auto, (max-width: 708px) 100vw, 708px\" \/><\/figure>\n\n\n\n<figure class=\"wp-block-image size-large\"><img loading=\"lazy\" decoding=\"async\" width=\"1024\" height=\"512\" data-id=\"2086\" src=\"https:\/\/fasenickl.de\/wp-content\/uploads\/2025\/10\/Marktplatzuebersicht-2-1024x512.jpg\" alt=\"\" class=\"wp-image-2086\" srcset=\"https:\/\/fasenickl.de\/wp-content\/uploads\/2025\/10\/Marktplatzuebersicht-2-1024x512.jpg 1024w, https:\/\/fasenickl.de\/wp-content\/uploads\/2025\/10\/Marktplatzuebersicht-2-300x150.jpg 300w, https:\/\/fasenickl.de\/wp-content\/uploads\/2025\/10\/Marktplatzuebersicht-2-768x384.jpg 768w, https:\/\/fasenickl.de\/wp-content\/uploads\/2025\/10\/Marktplatzuebersicht-2.jpg 1315w\" sizes=\"auto, (max-width: 1024px) 100vw, 1024px\" \/><\/figure>\n\n\n\n<figure class=\"wp-block-image size-large\"><img loading=\"lazy\" decoding=\"async\" width=\"1024\" height=\"356\" data-id=\"2087\" src=\"https:\/\/fasenickl.de\/wp-content\/uploads\/2025\/10\/Gesamtuebersicht-2-1024x356.jpg\" alt=\"\" class=\"wp-image-2087\" srcset=\"https:\/\/fasenickl.de\/wp-content\/uploads\/2025\/10\/Gesamtuebersicht-2-1024x356.jpg 1024w, https:\/\/fasenickl.de\/wp-content\/uploads\/2025\/10\/Gesamtuebersicht-2-300x104.jpg 300w, https:\/\/fasenickl.de\/wp-content\/uploads\/2025\/10\/Gesamtuebersicht-2-768x267.jpg 768w, https:\/\/fasenickl.de\/wp-content\/uploads\/2025\/10\/Gesamtuebersicht-2.jpg 1315w\" sizes=\"auto, (max-width: 1024px) 100vw, 1024px\" \/><\/figure>\n<\/figure>\n\n\n\n<figure class=\"wp-block-gallery has-nested-images columns-default is-cropped wp-block-gallery-2 is-layout-flex wp-block-gallery-is-layout-flex\">\n<figure class=\"wp-block-image size-large\"><img loading=\"lazy\" decoding=\"async\" width=\"727\" height=\"1024\" data-id=\"2332\" src=\"https:\/\/fasenickl.de\/wp-content\/uploads\/2025\/10\/1000103828-727x1024.png\" alt=\"\" class=\"wp-image-2332\" srcset=\"https:\/\/fasenickl.de\/wp-content\/uploads\/2025\/10\/1000103828-727x1024.png 727w, https:\/\/fasenickl.de\/wp-content\/uploads\/2025\/10\/1000103828-213x300.png 213w, https:\/\/fasenickl.de\/wp-content\/uploads\/2025\/10\/1000103828-768x1082.png 768w, https:\/\/fasenickl.de\/wp-content\/uploads\/2025\/10\/1000103828.png 1080w\" sizes=\"auto, (max-width: 727px) 100vw, 727px\" \/><\/figure>\n\n\n\n<figure class=\"wp-block-image size-large\"><img loading=\"lazy\" decoding=\"async\" width=\"724\" height=\"1024\" data-id=\"2331\" src=\"https:\/\/fasenickl.de\/wp-content\/uploads\/2025\/10\/1000099830-724x1024.jpg\" alt=\"\" class=\"wp-image-2331\" srcset=\"https:\/\/fasenickl.de\/wp-content\/uploads\/2025\/10\/1000099830-724x1024.jpg 724w, https:\/\/fasenickl.de\/wp-content\/uploads\/2025\/10\/1000099830-212x300.jpg 212w, https:\/\/fasenickl.de\/wp-content\/uploads\/2025\/10\/1000099830-768x1086.jpg 768w, https:\/\/fasenickl.de\/wp-content\/uploads\/2025\/10\/1000099830-1086x1536.jpg 1086w, https:\/\/fasenickl.de\/wp-content\/uploads\/2025\/10\/1000099830.jpg 1131w\" sizes=\"auto, (max-width: 724px) 100vw, 724px\" \/><\/figure>\n<\/figure>\n","protected":false},"excerpt":{"rendered":"<p>Nach 8 Jahren ist es wieder soweit: Am Samstag, den 31. Januar, und am Sonntag, den 1. Februar 2026, findet erneut unser gro\u00dfes Narrentreffen statt. Bereits zum 5. Mal richtet der Kulturverein e. V. \u201eDie Fasenickl\u201c ein Narrentreffen in Kipfenberg <span class=\"readmore\"><a href=\"https:\/\/fasenickl.de\/?p=2035\">Weiterlesen &#8230;<\/a><\/span><\/p>\n","protected":false},"author":1,"featured_media":2034,"comment_status":"closed","ping_status":"closed","sticky":false,"template":"","format":"standard","meta":{"ngg_post_thumbnail":0,"footnotes":"","_links_to":"","_links_to_target":""},"categories":[1],"tags":[],"class_list":["post-2035","post","type-post","status-publish","format-standard","has-post-thumbnail","hentry","category-allgemein"],"_links":{"self":[{"href":"https:\/\/fasenickl.de\/index.php?rest_route=\/wp\/v2\/posts\/2035","targetHints":{"allow":["GET"]}}],"collection":[{"href":"https:\/\/fasenickl.de\/index.php?rest_route=\/wp\/v2\/posts"}],"about":[{"href":"https:\/\/fasenickl.de\/index.php?rest_route=\/wp\/v2\/types\/post"}],"author":[{"embeddable":true,"href":"https:\/\/fasenickl.de\/index.php?rest_route=\/wp\/v2\/users\/1"}],"replies":[{"embeddable":true,"href":"https:\/\/fasenickl.de\/index.php?rest_route=%2Fwp%2Fv2%2Fcomments&post=2035"}],"version-history":[{"count":10,"href":"https:\/\/fasenickl.de\/index.php?rest_route=\/wp\/v2\/posts\/2035\/revisions"}],"predecessor-version":[{"id":2333,"href":"https:\/\/fasenickl.de\/index.php?rest_route=\/wp\/v2\/posts\/2035\/revisions\/2333"}],"wp:featuredmedia":[{"embeddable":true,"href":"https:\/\/fasenickl.de\/index.php?rest_route=\/wp\/v2\/media\/2034"}],"wp:attachment":[{"href":"https:\/\/fasenickl.de\/index.php?rest_route=%2Fwp%2Fv2%2Fmedia&parent=2035"}],"wp:term":[{"taxonomy":"category","embeddable":true,"href":"https:\/\/fasenickl.de\/index.php?rest_route=%2Fwp%2Fv2%2Fcategories&post=2035"},{"taxonomy":"post_tag","embeddable":true,"href":"https:\/\/fasenickl.de\/index.php?rest_route=%2Fwp%2Fv2%2Ftags&post=2035"}],"curies":[{"name":"wp","href":"https:\/\/api.w.org\/{rel}","templated":true}]}}