{"id":2144,"date":"2025-12-15T11:44:15","date_gmt":"2025-12-15T10:44:15","guid":{"rendered":"https:\/\/fasenickl.de\/?p=2144"},"modified":"2025-12-15T11:46:18","modified_gmt":"2025-12-15T10:46:18","slug":"fasenickl-party-am-freitag-30-januar","status":"publish","type":"post","link":"https:\/\/fasenickl.de\/?p=2144","title":{"rendered":"Fasenickl Party am Freitag 30. Januar 2026"},"content":{"rendered":"\n<p>Ein Tag vor dem Narrentreffen weihen wir am Freitag, den 30. Januar 2026 unsere Erdinger Holzh\u00fctte am Kipfenberger Marktplatz mit unserer offiziellen Fasenicklparty ein. Eintritt ist frei. Auch unsere Kinder, Jugend- und gro\u00dfe Garde werden dort ihr diesj\u00e4hriges Programm zeigen. Kommt vorbei und feiert mit uns in der H\u00fcttn bei guter Musik und vielen Drinks.<\/p>\n\n\n\n<figure class=\"wp-block-image size-large\"><img loading=\"lazy\" decoding=\"async\" width=\"724\" height=\"1024\" src=\"https:\/\/fasenickl.de\/wp-content\/uploads\/2025\/12\/FASENICKEL_KVF_Party_2026_251210_1-724x1024.jpg\" alt=\"\" class=\"wp-image-2145\" srcset=\"https:\/\/fasenickl.de\/wp-content\/uploads\/2025\/12\/FASENICKEL_KVF_Party_2026_251210_1-724x1024.jpg 724w, https:\/\/fasenickl.de\/wp-content\/uploads\/2025\/12\/FASENICKEL_KVF_Party_2026_251210_1-212x300.jpg 212w, https:\/\/fasenickl.de\/wp-content\/uploads\/2025\/12\/FASENICKEL_KVF_Party_2026_251210_1-768x1086.jpg 768w, https:\/\/fasenickl.de\/wp-content\/uploads\/2025\/12\/FASENICKEL_KVF_Party_2026_251210_1-1086x1536.jpg 1086w, https:\/\/fasenickl.de\/wp-content\/uploads\/2025\/12\/FASENICKEL_KVF_Party_2026_251210_1-1448x2048.jpg 1448w, https:\/\/fasenickl.de\/wp-content\/uploads\/2025\/12\/FASENICKEL_KVF_Party_2026_251210_1.jpg 1754w\" sizes=\"auto, (max-width: 724px) 100vw, 724px\" \/><\/figure>\n","protected":false},"excerpt":{"rendered":"<p>Ein Tag vor dem Narrentreffen weihen wir am Freitag, den 30. Januar 2026 unsere Erdinger Holzh\u00fctte am Kipfenberger Marktplatz mit unserer offiziellen Fasenicklparty ein. Eintritt ist frei. Auch unsere Kinder, Jugend- und gro\u00dfe Garde werden dort ihr diesj\u00e4hriges Programm zeigen. <span class=\"readmore\"><a href=\"https:\/\/fasenickl.de\/?p=2144\">Weiterlesen &#8230;<\/a><\/span><\/p>\n","protected":false},"author":1,"featured_media":2145,"comment_status":"closed","ping_status":"closed","sticky":false,"template":"","format":"standard","meta":{"ngg_post_thumbnail":0,"footnotes":"","_links_to":"","_links_to_target":""},"categories":[1],"tags":[],"class_list":["post-2144","post","type-post","status-publish","format-standard","has-post-thumbnail","hentry","category-allgemein"],"_links":{"self":[{"href":"https:\/\/fasenickl.de\/index.php?rest_route=\/wp\/v2\/posts\/2144","targetHints":{"allow":["GET"]}}],"collection":[{"href":"https:\/\/fasenickl.de\/index.php?rest_route=\/wp\/v2\/posts"}],"about":[{"href":"https:\/\/fasenickl.de\/index.php?rest_route=\/wp\/v2\/types\/post"}],"author":[{"embeddable":true,"href":"https:\/\/fasenickl.de\/index.php?rest_route=\/wp\/v2\/users\/1"}],"replies":[{"embeddable":true,"href":"https:\/\/fasenickl.de\/index.php?rest_route=%2Fwp%2Fv2%2Fcomments&post=2144"}],"version-history":[{"count":5,"href":"https:\/\/fasenickl.de\/index.php?rest_route=\/wp\/v2\/posts\/2144\/revisions"}],"predecessor-version":[{"id":2150,"href":"https:\/\/fasenickl.de\/index.php?rest_route=\/wp\/v2\/posts\/2144\/revisions\/2150"}],"wp:featuredmedia":[{"embeddable":true,"href":"https:\/\/fasenickl.de\/index.php?rest_route=\/wp\/v2\/media\/2145"}],"wp:attachment":[{"href":"https:\/\/fasenickl.de\/index.php?rest_route=%2Fwp%2Fv2%2Fmedia&parent=2144"}],"wp:term":[{"taxonomy":"category","embeddable":true,"href":"https:\/\/fasenickl.de\/index.php?rest_route=%2Fwp%2Fv2%2Fcategories&post=2144"},{"taxonomy":"post_tag","embeddable":true,"href":"https:\/\/fasenickl.de\/index.php?rest_route=%2Fwp%2Fv2%2Ftags&post=2144"}],"curies":[{"name":"wp","href":"https:\/\/api.w.org\/{rel}","templated":true}]}}