{"id":2151,"date":"2025-12-17T11:51:20","date_gmt":"2025-12-17T10:51:20","guid":{"rendered":"https:\/\/fasenickl.de\/?p=2151"},"modified":"2026-01-12T20:27:52","modified_gmt":"2026-01-12T19:27:52","slug":"gardetreffen-am-freitag-16-januar-2026","status":"publish","type":"post","link":"https:\/\/fasenickl.de\/?p=2151","title":{"rendered":"Gardetreffen am Freitag 16. Januar 2026"},"content":{"rendered":"\n<p>Am Freitag am 16. Januar 2026 findet wieder unser traditionelles Gardetreffen in der Kipfenberger Turnhalle mit zahlreichen Gruppen von Nah und Fern statt. Karten gibt es ab 3. Januar wie immer beim Schreibwaren G\u00fcrtner in Kipfenberg \ud83c\udfab. Wir freuen uns euch als  G\u00e4ste begr\u00fc\u00dfen zu d\u00fcrfen \u263a\ufe0f\ud83c\udf89<\/p>\n\n\n\n<figure class=\"wp-block-gallery has-nested-images columns-default is-cropped wp-block-gallery-1 is-layout-flex wp-block-gallery-is-layout-flex\">\n<figure class=\"wp-block-image size-large\"><img loading=\"lazy\" decoding=\"async\" width=\"724\" height=\"1024\" data-id=\"2152\" src=\"https:\/\/fasenickl.de\/wp-content\/uploads\/2025\/12\/1000099016-724x1024.jpg\" alt=\"\" class=\"wp-image-2152\" srcset=\"https:\/\/fasenickl.de\/wp-content\/uploads\/2025\/12\/1000099016-724x1024.jpg 724w, https:\/\/fasenickl.de\/wp-content\/uploads\/2025\/12\/1000099016-212x300.jpg 212w, https:\/\/fasenickl.de\/wp-content\/uploads\/2025\/12\/1000099016-768x1086.jpg 768w, https:\/\/fasenickl.de\/wp-content\/uploads\/2025\/12\/1000099016-1086x1536.jpg 1086w, https:\/\/fasenickl.de\/wp-content\/uploads\/2025\/12\/1000099016.jpg 1131w\" sizes=\"auto, (max-width: 724px) 100vw, 724px\" \/><\/figure>\n<\/figure>\n\n\n\n<figure class=\"wp-block-image size-large\"><img loading=\"lazy\" decoding=\"async\" width=\"576\" height=\"1024\" src=\"https:\/\/fasenickl.de\/wp-content\/uploads\/2025\/12\/1000103811-576x1024.jpg\" alt=\"\" class=\"wp-image-2335\" srcset=\"https:\/\/fasenickl.de\/wp-content\/uploads\/2025\/12\/1000103811-576x1024.jpg 576w, https:\/\/fasenickl.de\/wp-content\/uploads\/2025\/12\/1000103811-169x300.jpg 169w, https:\/\/fasenickl.de\/wp-content\/uploads\/2025\/12\/1000103811-768x1365.jpg 768w, https:\/\/fasenickl.de\/wp-content\/uploads\/2025\/12\/1000103811-864x1536.jpg 864w, https:\/\/fasenickl.de\/wp-content\/uploads\/2025\/12\/1000103811.jpg 1080w\" sizes=\"auto, (max-width: 576px) 100vw, 576px\" \/><\/figure>\n","protected":false},"excerpt":{"rendered":"<p>Am Freitag am 16. Januar 2026 findet wieder unser traditionelles Gardetreffen in der Kipfenberger Turnhalle mit zahlreichen Gruppen von Nah und Fern statt. Karten gibt es ab 3. Januar wie immer beim Schreibwaren G\u00fcrtner in Kipfenberg \ud83c\udfab. Wir freuen uns <span class=\"readmore\"><a href=\"https:\/\/fasenickl.de\/?p=2151\">Weiterlesen &#8230;<\/a><\/span><\/p>\n","protected":false},"author":1,"featured_media":2152,"comment_status":"closed","ping_status":"closed","sticky":false,"template":"","format":"standard","meta":{"ngg_post_thumbnail":0,"footnotes":"","_links_to":"","_links_to_target":""},"categories":[1],"tags":[],"class_list":["post-2151","post","type-post","status-publish","format-standard","has-post-thumbnail","hentry","category-allgemein"],"_links":{"self":[{"href":"https:\/\/fasenickl.de\/index.php?rest_route=\/wp\/v2\/posts\/2151","targetHints":{"allow":["GET"]}}],"collection":[{"href":"https:\/\/fasenickl.de\/index.php?rest_route=\/wp\/v2\/posts"}],"about":[{"href":"https:\/\/fasenickl.de\/index.php?rest_route=\/wp\/v2\/types\/post"}],"author":[{"embeddable":true,"href":"https:\/\/fasenickl.de\/index.php?rest_route=\/wp\/v2\/users\/1"}],"replies":[{"embeddable":true,"href":"https:\/\/fasenickl.de\/index.php?rest_route=%2Fwp%2Fv2%2Fcomments&post=2151"}],"version-history":[{"count":2,"href":"https:\/\/fasenickl.de\/index.php?rest_route=\/wp\/v2\/posts\/2151\/revisions"}],"predecessor-version":[{"id":2336,"href":"https:\/\/fasenickl.de\/index.php?rest_route=\/wp\/v2\/posts\/2151\/revisions\/2336"}],"wp:featuredmedia":[{"embeddable":true,"href":"https:\/\/fasenickl.de\/index.php?rest_route=\/wp\/v2\/media\/2152"}],"wp:attachment":[{"href":"https:\/\/fasenickl.de\/index.php?rest_route=%2Fwp%2Fv2%2Fmedia&parent=2151"}],"wp:term":[{"taxonomy":"category","embeddable":true,"href":"https:\/\/fasenickl.de\/index.php?rest_route=%2Fwp%2Fv2%2Fcategories&post=2151"},{"taxonomy":"post_tag","embeddable":true,"href":"https:\/\/fasenickl.de\/index.php?rest_route=%2Fwp%2Fv2%2Ftags&post=2151"}],"curies":[{"name":"wp","href":"https:\/\/api.w.org\/{rel}","templated":true}]}}